{"id":2383,"date":"2020-11-02T14:04:46","date_gmt":"2020-11-02T14:04:46","guid":{"rendered":"http:\/\/www.turcianskydur.sk\/?p=2383"},"modified":"2020-11-02T14:04:46","modified_gmt":"2020-11-02T14:04:46","slug":"zmena-rezimu-primestskej-autobusovej-dopravy-od-30-10-2020","status":"publish","type":"post","link":"http:\/\/www.turcianskydur.sk\/?p=2383","title":{"rendered":"Zmena re\u017eimu pr\u00edmestskej autobusovej dopravy od 30.10.2020"},"content":{"rendered":"<p>SAD \u017dilina informuje, \u017ee z\u00a0d\u00f4vodu mimoriadnej situ\u00e1cie s\u00favisiacej s\u00a0rizikom a\u00a0elimin\u00e1ciou \u0161\u00edrenia COVID-19\u00a0a\u00a0prijat\u00fdch opatren\u00ed Vl\u00e1dou SR a\u00a0\u017dilinsk\u00fdm samospr\u00e1vnym krajom bude\u00a0<strong>od<\/strong>\u00a0piatka\u00a0<strong>30. okt\u00f3bra 2020<\/strong>\u00a0<strong>po\u010das pracovn\u00fdch dn\u00ed\u00a0<\/strong>veden\u00e1 pr\u00edmestsk\u00e1 doprava\u00a0<strong>v\u00a0pr\u00e1zdninovom re\u017eime a\u017e<\/strong>\u00a0<strong>do 12. decembra 2020<\/strong>.<\/p>\n<p>V\u00a0sobotu a\u00a0v nede\u013eu sa re\u017eim nemen\u00ed.<\/p>\n<p>Venujte\u00a0zv\u00fd\u0161en\u00fa pozornos\u0165 znamienkam a\u00a0vysvetlivk\u00e1m v\u00a0cestovnom poriadku:<br \/>\nx10\u00a0 &#8211; prem\u00e1va v\u00a0d\u0148och \u0161kolsk\u00e9ho vyu\u010dovania<br \/>\nx11\u00a0 &#8211; prem\u00e1va v\u00a0d\u0148och \u0161kolsk\u00fdch pr\u00e1zdnin<\/p>\n<p>V pr\u00edpade \u010fal\u0161\u00edch zmien V\u00e1s\u00a0budeme\u00a0bezodkladne informova\u0165.<\/p>\n<p>\u010eakujeme v\u0161etk\u00fdm za re\u0161pektovanie a\u00a0dodr\u017eiavanie prijat\u00fdch opatren\u00ed po\u010das cestovania autobusmi SAD \u017dilina a\u00a0pevne ver\u00edme, \u017ee toto \u0165a\u017ek\u00e9 obdobie v\u00a0s\u00favislosti s\u00a0COVID-19 prekon\u00e1me spolo\u010dn\u00fdmi silami.<\/p>\n","protected":false},"excerpt":{"rendered":"<p>SAD \u017dilina informuje, \u017ee[&#8230;]<\/p>\n","protected":false},"author":3,"featured_media":0,"comment_status":"closed","ping_status":"closed","sticky":false,"template":"","format":"standard","meta":{"footnotes":""},"categories":[4],"tags":[],"class_list":["post-2383","post","type-post","status-publish","format-standard","hentry","category-aktuality"],"_links":{"self":[{"href":"http:\/\/www.turcianskydur.sk\/index.php?rest_route=\/wp\/v2\/posts\/2383","targetHints":{"allow":["GET"]}}],"collection":[{"href":"http:\/\/www.turcianskydur.sk\/index.php?rest_route=\/wp\/v2\/posts"}],"about":[{"href":"http:\/\/www.turcianskydur.sk\/index.php?rest_route=\/wp\/v2\/types\/post"}],"author":[{"embeddable":true,"href":"http:\/\/www.turcianskydur.sk\/index.php?rest_route=\/wp\/v2\/users\/3"}],"replies":[{"embeddable":true,"href":"http:\/\/www.turcianskydur.sk\/index.php?rest_route=%2Fwp%2Fv2%2Fcomments&post=2383"}],"version-history":[{"count":1,"href":"http:\/\/www.turcianskydur.sk\/index.php?rest_route=\/wp\/v2\/posts\/2383\/revisions"}],"predecessor-version":[{"id":2384,"href":"http:\/\/www.turcianskydur.sk\/index.php?rest_route=\/wp\/v2\/posts\/2383\/revisions\/2384"}],"wp:attachment":[{"href":"http:\/\/www.turcianskydur.sk\/index.php?rest_route=%2Fwp%2Fv2%2Fmedia&parent=2383"}],"wp:term":[{"taxonomy":"category","embeddable":true,"href":"http:\/\/www.turcianskydur.sk\/index.php?rest_route=%2Fwp%2Fv2%2Fcategories&post=2383"},{"taxonomy":"post_tag","embeddable":true,"href":"http:\/\/www.turcianskydur.sk\/index.php?rest_route=%2Fwp%2Fv2%2Ftags&post=2383"}],"curies":[{"name":"wp","href":"https:\/\/api.w.org\/{rel}","templated":true}]}}