{"id":2576,"date":"2021-01-20T14:44:13","date_gmt":"2021-01-20T14:44:13","guid":{"rendered":"http:\/\/www.turcianskydur.sk\/?p=2576"},"modified":"2021-01-20T14:44:13","modified_gmt":"2021-01-20T14:44:13","slug":"vseobecne-informacie-o-nariadeniach-vlady","status":"publish","type":"post","link":"http:\/\/www.turcianskydur.sk\/?p=2576","title":{"rendered":"V\u0161eobecn\u00e9 inform\u00e1cie o nariadeniach vl\u00e1dy"},"content":{"rendered":"<p style=\"font-weight: 400; text-align: left;\"><strong>Z\u00c1KAZ VYCH\u00c1DZANIA\u00a027.01.2021\u00a0\u2013\u00a002.02.2021<\/strong><\/p>\n<p style=\"font-weight: 400; text-align: left;\">Z\u00e1kaz vych\u00e1dzania platn\u00fd od 01. janu\u00e1ra 2021 a kon\u010diaci 24. janu\u00e1ra 2021\u00a0<strong>sa op\u00e4tovne predl\u017euje od 27. janu\u00e1ra 2021 do o 02. febru\u00e1ra 2021<\/strong>.<\/p>\n<p style=\"font-weight: 400; text-align: left;\"><em><u>Od 3. do 7. febru\u00e1ra 2021 bude z\u00e1kaz na\u010falej plati\u0165 v 37 najviac postihnut\u00fdch okresoch<\/u><\/em>.<\/p>\n<p>&nbsp;<\/p>\n<p style=\"font-weight: 400;\"><strong>PLO\u0160N\u00c9 TESTOVANIE<\/strong><\/p>\n<p style=\"font-weight: 400;\">Z\u00e1kaz vych\u00e1dzania (platn\u00fd od 27.01.2021 do 02.02.2021) je spojen\u00fd s celoplo\u0161n\u00fdm testovan\u00edm.<\/p>\n<p style=\"font-weight: 400;\"><strong>Testovanie prebieha od 18. janu\u00e1ra 2021 do 26. janu\u00e1ra 2021.<\/strong><\/p>\n<p style=\"font-weight: 400;\"><strong>Zoznam antig\u00e9nov\u00fdch testovac\u00edch miest<\/strong>\u00a0n\u00e1jdete tu:\u00a0<a href=\"https:\/\/www.health.gov.sk\/?ag-mom\">https:\/\/www.health.gov.sk\/?ag-mom<\/a><\/p>\n<p style=\"font-weight: 400;\"><strong>Zhrnutie, kde v\u0161ade je a\u00a0nie je potrebn\u00e9 ma\u0165 potvrdenie o\u00a0negat\u00edvnom v\u00fdsledku testovania<\/strong>\u00a0n\u00e1jdete tu:\u00a0<a href=\"https:\/\/korona.gov.sk\/zakaz-vychadzania\/\">https:\/\/korona.gov.sk\/zakaz-vychadzania\/<\/a><\/p>\n<p>&nbsp;<\/p>\n<p style=\"font-weight: 400;\"><strong>V\u00ddKON PR\u00c1CE OD\u00a027.01.2021<\/strong><\/p>\n<p style=\"font-weight: 400;\"><u>Pros\u00edm dohodnite sa s\u00a0va\u0161im nadriaden\u00fdm na pracovnom re\u017eime v\u00a0zmysle ni\u017e\u0161ie uveden\u00e9ho.<\/u><\/p>\n<p style=\"font-weight: 400;\"><strong>Od 27. janu\u00e1ra 2021 do 02. febru\u00e1ra 2021 je na cestu do a\u00a0zo zamestnania\u00a0<\/strong><strong>a\u00a0na v\u00fdkon podnikate\u013eskej \u010dinnosti\u00a0potrebn\u00fd:<\/strong><\/p>\n<p style=\"font-weight: 400;\">negat\u00edvny v\u00fdsledok RT-PCR alebo antig\u00e9nov\u00e9ho testu\u00a0 vykonan\u00e9ho od 18. janu\u00e1ra 2021 ALEBO<\/p>\n<p style=\"font-weight: 400;\">doklad o\u00a0prekonan\u00ed ochorenia covid-19 nie star\u0161\u00ed ako 3 mesiace\u00a0 ALEBO<\/p>\n<p style=\"font-weight: 400;\">zao\u010dkovanie proti ochoreniu covid-19, od ktor\u00e9ho uplynulo aspo\u0148 14 dn\u00ed<\/p>\n<p style=\"font-weight: 400;\">\n<p style=\"font-weight: 400;\"><strong>Od 03. febru\u00e1ra 2021 do 07. febru\u00e1ra 2021 je na cestu do a\u00a0zo zamestnania a\u00a0na v\u00fdkon podnikate\u013eskej \u010dinnosti potrebn\u00fd:<\/strong><\/p>\n<p style=\"font-weight: 400;\">negat\u00edvny v\u00fdsledok RT-PCR alebo antig\u00e9nov\u00e9ho testu\u00a0 vykonan\u00e9ho od 27. janu\u00e1ra 2021 ALEBO<\/p>\n<p style=\"font-weight: 400;\">doklad o\u00a0prekonan\u00ed ochorenia covid-19 nie star\u0161\u00ed ako 3 mesiace\u00a0 ALEBO<\/p>\n<p style=\"font-weight: 400;\">zao\u010dkovanie proti ochoreniu covid-19, od ktor\u00e9ho uplynulo aspo\u0148 14 dn\u00ed<\/p>\n<p style=\"font-weight: 400;\">\n<p style=\"font-weight: 400;\"><strong>Z\u00e1rove\u0148<\/strong>\u00a0k\u00a0vy\u0161\u0161ie uveden\u00e9mu (negat\u00edvny test\/potvrdenie o\u00a0prekonan\u00ed ochorenia\/o\u010dkovanie) je\u00a0<strong>Potvrdenie\/Rozhodnutie\u00a0Zamestn\u00e1vate\u013ea pre \u00fa\u010dely cesty do\/z pr\u00e1ce<\/strong>, ktor\u00e9:<\/p>\n<p style=\"font-weight: 400;\">vyd\u00e1va Zamestn\u00e1vate\u013e na z\u00e1klade od\u00f4vodnenej \u017eiadosti nadriaden\u00e9ho<\/p>\n<p style=\"font-weight: 400;\">iba pre pracovn\u00e9 poz\u00edcie, ktor\u00fdch pr\u00edtomnos\u0165 na pracovisku je nevyhnutn\u00e1 pre zabezpe\u010denie procesov\/\u00faloh k\u013e\u00fa\u010dov\u00fdch pre chod spolo\u010dnosti a na nevyhnutne potrebn\u00fd \u010das<\/p>\n<p style=\"font-weight: 400;\"><strong>\u00a0<\/strong><\/p>\n<p style=\"font-weight: 400;\"><strong>AKO TO BUDE S MOJ\u00cdM ZAMESTNAN\u00cdM KE\u010e SA NEZ\u00da\u010cASTN\u00cdM TESTOVANIA?<\/strong><\/p>\n<p style=\"font-weight: 400;\">Ak dobrovo\u013ene nep\u00f4jdete na test mus\u00edte zosta\u0165 v dom\u00e1cej karant\u00e9ne \/ izol\u00e1cii.<\/p>\n<p style=\"font-weight: 400;\">Dom\u00e1ca karant\u00e9na je v pr\u00edpade ne\u00fa\u010dasti na testovan\u00ed pova\u017eovan\u00e1 za\u00a0<strong>prek\u00e1\u017eku v pr\u00e1ci na strane zamestnanca<\/strong>\u00a0s nasledovnou povinnos\u0165ou:<\/p>\n<ol>\n<li style=\"font-weight: 400;\">a)\u010derpanie dovolenky po dohode so zamestn\u00e1vate\u013eom<\/li>\n<li style=\"font-weight: 400;\">b)vo\u013eno bez n\u00e1hrady mzdy s odpracovan\u00edm zame\u0161kan\u00e9ho pracovn\u00e9ho \u010dasu po skon\u010den\u00ed karant\u00e9ny<\/li>\n<\/ol>\n<p style=\"font-weight: 400;\"><em><u>D\u00f4le\u017eit\u00e9: Ak teda zamestnanec, ktor\u00fd nechce absolvova\u0165 testovanie, po\u017eiada zamestn\u00e1vate\u013ea o pracovn\u00e9 vo\u013eno kv\u00f4li karant\u00e9ne, nem\u00f4\u017ee automaticky po\u010d\u00edta\u0165 aj s n\u00e1hradou mzdy.<\/u><\/em><\/p>\n<p style=\"font-weight: 400;\"><strong>\u00a0<\/strong><\/p>\n<p style=\"font-weight: 400;\"><strong>AKO TO BUDE S MOJ\u00cdM ZAMESTNAN\u00cdM KE\u010e BUDEM TESTOVAN\u00dd POZIT\u00cdVNE?<\/strong><\/p>\n<p style=\"font-weight: 400;\">Kontaktujte svojho v\u0161eobecn\u00e9ho lek\u00e1ra, ktor\u00fd v\u00e1m vystav\u00ed tzv.\u00a0<strong>pandemick\u00fa PN-ku<\/strong>.<\/p>\n<p style=\"font-weight: 400;\"><em><u>(Pandemick\u00e1 PN: Od prv\u00e9ho d\u0148a do\u010dasnej pracovnej neschopnosti, v pr\u00edpadoch kedy bola nariaden\u00e1 karant\u00e9na alebo izol\u00e1cia (zamestnancovi, SZ\u010cO, dobrovo\u013ene poistenej osobe), Soci\u00e1lna pois\u0165ov\u0148a bude vypl\u00e1ca\u0165 d\u00e1vku vo v\u00fd\u0161ke 55% denn\u00e9ho vymeriavacieho z\u00e1kladu (cca 70% hrubej mzdy).<\/u><\/em><\/p>\n<p style=\"font-weight: 400;\">\n<p style=\"font-weight: 400;\">Cel\u00e9 znenie\u00a0<strong>Uznesenia vl\u00e1dy SR<\/strong>\u00a0\u010d.30 n\u00e1jdete tu:\u00a0<a href=\"https:\/\/korona.gov.sk\/wp-content\/uploads\/2021\/01\/30_2021.pdf\">https:\/\/korona.gov.sk\/wp-content\/uploads\/2021\/01\/30_2021.pdf<\/a><\/p>\n","protected":false},"excerpt":{"rendered":"<p>Z\u00c1KAZ VYCH\u00c1DZANIA\u00a027.01.2021\u00a0\u2013\u00a002.02.2021 Z\u00e1kaz vych\u00e1dzania[&#8230;]<\/p>\n","protected":false},"author":3,"featured_media":0,"comment_status":"closed","ping_status":"closed","sticky":false,"template":"","format":"standard","meta":{"footnotes":""},"categories":[4],"tags":[],"class_list":["post-2576","post","type-post","status-publish","format-standard","hentry","category-aktuality"],"_links":{"self":[{"href":"http:\/\/www.turcianskydur.sk\/index.php?rest_route=\/wp\/v2\/posts\/2576","targetHints":{"allow":["GET"]}}],"collection":[{"href":"http:\/\/www.turcianskydur.sk\/index.php?rest_route=\/wp\/v2\/posts"}],"about":[{"href":"http:\/\/www.turcianskydur.sk\/index.php?rest_route=\/wp\/v2\/types\/post"}],"author":[{"embeddable":true,"href":"http:\/\/www.turcianskydur.sk\/index.php?rest_route=\/wp\/v2\/users\/3"}],"replies":[{"embeddable":true,"href":"http:\/\/www.turcianskydur.sk\/index.php?rest_route=%2Fwp%2Fv2%2Fcomments&post=2576"}],"version-history":[{"count":1,"href":"http:\/\/www.turcianskydur.sk\/index.php?rest_route=\/wp\/v2\/posts\/2576\/revisions"}],"predecessor-version":[{"id":2577,"href":"http:\/\/www.turcianskydur.sk\/index.php?rest_route=\/wp\/v2\/posts\/2576\/revisions\/2577"}],"wp:attachment":[{"href":"http:\/\/www.turcianskydur.sk\/index.php?rest_route=%2Fwp%2Fv2%2Fmedia&parent=2576"}],"wp:term":[{"taxonomy":"category","embeddable":true,"href":"http:\/\/www.turcianskydur.sk\/index.php?rest_route=%2Fwp%2Fv2%2Fcategories&post=2576"},{"taxonomy":"post_tag","embeddable":true,"href":"http:\/\/www.turcianskydur.sk\/index.php?rest_route=%2Fwp%2Fv2%2Ftags&post=2576"}],"curies":[{"name":"wp","href":"https:\/\/api.w.org\/{rel}","templated":true}]}}