{"id":3711,"date":"2022-11-10T10:20:35","date_gmt":"2022-11-10T10:20:35","guid":{"rendered":"http:\/\/www.turcianskydur.sk\/?p=3711"},"modified":"2022-11-13T10:20:58","modified_gmt":"2022-11-13T10:20:58","slug":"vyhlasenie-referenda-2022","status":"publish","type":"post","link":"https:\/\/www.turcianskydur.sk\/?p=3711","title":{"rendered":"Vyhl\u00e1senie referenda 2022"},"content":{"rendered":"<p style=\"text-align: center;\">Prezidentka Slovenskej republiky rozhodnut\u00edm \u010d. 362\/2022 Z. z.,<br \/>\nna z\u00e1klade pet\u00edcie ob\u010danov prijatej 24. augusta 2022\u00a0vyhl\u00e1sila<br \/>\n<strong>referendum<\/strong><br \/>\na ur\u010dila de\u0148\u00a0jeho konania<\/p>\n<p style=\"text-align: center;\">na\u00a0sobotu\u00a0<strong>21. janu\u00e1ra 2023.<\/strong><br \/>\nReferendum sa kon\u00e1\u00a0<strong>od 07:00 hod. do 22:00 hod.<\/strong><\/p>\n<p>&nbsp;<\/p>\n<p>V referende voli\u010di rozhodn\u00fa o ot\u00e1zke:<\/p>\n<p>\u201eS\u00fahlas\u00edte s t\u00fdm, \u017ee pred\u010dasn\u00e9 skon\u010denie volebn\u00e9ho obdobia N\u00e1rodnej rady Slovenskej republiky je mo\u017en\u00e9 uskuto\u010dni\u0165 referendom alebo uznesen\u00edm N\u00e1rodnej rady Slovenskej republiky, a to zmenou \u00dastavy Slovenskej republiky tak, \u017ee:<\/p>\n<p>&#8211; v \u010cl. 73 ods. 1 sa na konci prip\u00e1ja \u010diarka a tieto slov\u00e1: \u201eak v s\u00falade s touto \u00fastavou ned\u00f4jde k pred\u010dasn\u00e9mu skon\u010deniu volebn\u00e9ho obdobia N\u00e1rodnej rady Slovenskej republiky.\u201c;<\/p>\n<p>&#8211; v \u010cl. 81a sa za p\u00edsmeno a) vklad\u00e1 nov\u00e9 p\u00edsmeno b), ktor\u00e9 znie:<\/p>\n<p>\u201eb) pred\u010dasn\u00fdm skon\u010den\u00edm volebn\u00e9ho obdobia,\u201c.<\/p>\n<p>Doteraj\u0161ie p\u00edsmen\u00e1 b) a\u017e f) sa ozna\u010duj\u00fa ako p\u00edsmen\u00e1 c) a\u017e g);<\/p>\n<p>&#8211; v \u010cl. 82 ods. 5 sa za slov\u00e1 \u201evolebn\u00e9ho obdobia\u201c vklad\u00e1 \u010diarka a slov\u00e1 \u201epred\u010dasn\u00fdm skon\u010den\u00edm volebn\u00e9ho obdobia\u201c;<\/p>\n<p>&#8211; v \u010cl. 84 ods. 3 sa za slov\u00e1 \u201es medzin\u00e1rodnou zmluvou pod\u013ea \u010dl. 7 ods. 3 a 4\u201c vklad\u00e1 \u010diarka a tieto slov\u00e1: \u201ena prijatie uznesenia o pred\u010dasnom skon\u010den\u00ed volebn\u00e9ho obdobia N\u00e1rodnej rady Slovenskej republiky pod\u013ea \u010dl. 86 p\u00edsm. n)\u201c;<\/p>\n<p>&#8211; v \u010cl. 86 sa dop\u013a\u0148a p\u00edsmeno n), ktor\u00e9 znie:<\/p>\n<p>\u201en) uzn\u00e1\u0161a\u0165 sa na pred\u010dasnom skon\u010den\u00ed volebn\u00e9ho obdobia N\u00e1rodnej rady Slovenskej republiky; prijat\u00e9 uznesenie je v\u0161eobecne z\u00e1v\u00e4zn\u00e9 a vyhlasuje sa rovnako ako z\u00e1kon.\u201c;<\/p>\n<p>&#8211; v \u010cl. 93 ods. 2 sa na konci prip\u00e1jaj\u00fa tieto slov\u00e1: \u201evr\u00e1tane pred\u010dasn\u00e9ho skon\u010denia volebn\u00e9ho obdobia N\u00e1rodnej rady Slovenskej republiky.\u201c;<\/p>\n<p>&#8211; \u010cl. 98 odsek 2 znie:<\/p>\n<p>\u201eN\u00e1vrhy prijat\u00e9 v referende vyhl\u00e1si predseda N\u00e1rodnej rady Slovenskej republiky ako \u00fastavn\u00fd z\u00e1kon.\u201c?\u201c.<\/p>\n","protected":false},"excerpt":{"rendered":"<p>Prezidentka Slovenskej republiky rozhodnut\u00edm[&#8230;]<\/p>\n","protected":false},"author":3,"featured_media":0,"comment_status":"closed","ping_status":"closed","sticky":false,"template":"","format":"standard","meta":{"footnotes":""},"categories":[36],"tags":[],"class_list":["post-3711","post","type-post","status-publish","format-standard","hentry","category-referendum-2022"],"_links":{"self":[{"href":"https:\/\/www.turcianskydur.sk\/index.php?rest_route=\/wp\/v2\/posts\/3711","targetHints":{"allow":["GET"]}}],"collection":[{"href":"https:\/\/www.turcianskydur.sk\/index.php?rest_route=\/wp\/v2\/posts"}],"about":[{"href":"https:\/\/www.turcianskydur.sk\/index.php?rest_route=\/wp\/v2\/types\/post"}],"author":[{"embeddable":true,"href":"https:\/\/www.turcianskydur.sk\/index.php?rest_route=\/wp\/v2\/users\/3"}],"replies":[{"embeddable":true,"href":"https:\/\/www.turcianskydur.sk\/index.php?rest_route=%2Fwp%2Fv2%2Fcomments&post=3711"}],"version-history":[{"count":1,"href":"https:\/\/www.turcianskydur.sk\/index.php?rest_route=\/wp\/v2\/posts\/3711\/revisions"}],"predecessor-version":[{"id":3712,"href":"https:\/\/www.turcianskydur.sk\/index.php?rest_route=\/wp\/v2\/posts\/3711\/revisions\/3712"}],"wp:attachment":[{"href":"https:\/\/www.turcianskydur.sk\/index.php?rest_route=%2Fwp%2Fv2%2Fmedia&parent=3711"}],"wp:term":[{"taxonomy":"category","embeddable":true,"href":"https:\/\/www.turcianskydur.sk\/index.php?rest_route=%2Fwp%2Fv2%2Fcategories&post=3711"},{"taxonomy":"post_tag","embeddable":true,"href":"https:\/\/www.turcianskydur.sk\/index.php?rest_route=%2Fwp%2Fv2%2Ftags&post=3711"}],"curies":[{"name":"wp","href":"https:\/\/api.w.org\/{rel}","templated":true}]}}